{"id":1784,"date":"2024-09-27T10:02:52","date_gmt":"2024-09-27T10:02:52","guid":{"rendered":"https:\/\/vidis-project.org\/?p=1784"},"modified":"2024-09-27T10:27:05","modified_gmt":"2024-09-27T10:27:05","slug":"vidis-team-interview-at-ri-days-2024","status":"publish","type":"post","link":"https:\/\/vidis-project.org\/index.php\/2024\/09\/27\/vidis-team-interview-at-ri-days-2024\/","title":{"rendered":"VIDIS team interview at R&amp;I Days 2024"},"content":{"rendered":"\n<p>European Research Executive Agency (REA) just published a short interview with members of our VIDIS team (dr Milena Jova\u0161evi\u0107-Stojanovi\u0107, project coordinator and dr Milo\u0161 Davidovi\u0107, WP1 leader), given during R&amp;I Days! Take a look at the interview at the links below, using your favourite platform! <\/p>\n\n\n\n<div class=\"wp-block-columns is-layout-flex wp-container-core-columns-is-layout-9d6595d7 wp-block-columns-is-layout-flex\">\n<div class=\"wp-block-column is-layout-flow wp-block-column-is-layout-flow\">\n<figure class=\"wp-block-gallery has-nested-images columns-default is-cropped wp-block-gallery-1 is-layout-flex wp-block-gallery-is-layout-flex\">\n<figure class=\"wp-block-image size-large is-resized\"><a href=\"https:\/\/www.linkedin.com\/posts\/european-research-executive-agency-rea_vidis-ridayseu-widening-activity-7244601658876338177-WQXU?utm_source=share&amp;utm_medium=member_desktop\"><img loading=\"lazy\" decoding=\"async\" width=\"225\" height=\"225\" data-id=\"1788\" src=\"https:\/\/vidis-project.org\/wp-content\/uploads\/2024\/09\/image-3.png\" alt=\"\" class=\"wp-image-1788\" style=\"width:159px;height:auto\" srcset=\"https:\/\/vidis-project.org\/wp-content\/uploads\/2024\/09\/image-3.png 225w, https:\/\/vidis-project.org\/wp-content\/uploads\/2024\/09\/image-3-150x150.png 150w\" sizes=\"auto, (max-width: 225px) 100vw, 225px\" \/><\/a><\/figure>\n\n\n\n<figure class=\"wp-block-image size-large is-resized\"><a href=\"https:\/\/x.com\/REA_research\/status\/1838836666678808762\"><img loading=\"lazy\" decoding=\"async\" width=\"225\" height=\"225\" data-id=\"1796\" src=\"https:\/\/vidis-project.org\/wp-content\/uploads\/2024\/09\/image-5.png\" alt=\"\" class=\"wp-image-1796\" style=\"width:155px;height:auto\" srcset=\"https:\/\/vidis-project.org\/wp-content\/uploads\/2024\/09\/image-5.png 225w, https:\/\/vidis-project.org\/wp-content\/uploads\/2024\/09\/image-5-150x150.png 150w\" sizes=\"auto, (max-width: 225px) 100vw, 225px\" \/><\/a><\/figure>\n<\/figure>\n<\/div>\n<\/div>\n\n\n\n<p><\/p>\n","protected":false},"excerpt":{"rendered":"<p>European Research Executive Agency (REA) just published a short interview with members of our VIDIS team (dr Milena Jova\u0161evi\u0107-Stojanovi\u0107, project coordinator and dr Milo\u0161 Davidovi\u0107, WP1 leader), given during R&amp;I Days! Take a look at the interview at the links below, using your favourite platform!<\/p>\n","protected":false},"author":1,"featured_media":1785,"comment_status":"open","ping_status":"closed","sticky":false,"template":"","format":"standard","meta":{"footnotes":""},"categories":[3],"tags":[],"class_list":["post-1784","post","type-post","status-publish","format-standard","has-post-thumbnail","hentry","category-news","entry","has-media"],"_links":{"self":[{"href":"https:\/\/vidis-project.org\/index.php\/wp-json\/wp\/v2\/posts\/1784","targetHints":{"allow":["GET"]}}],"collection":[{"href":"https:\/\/vidis-project.org\/index.php\/wp-json\/wp\/v2\/posts"}],"about":[{"href":"https:\/\/vidis-project.org\/index.php\/wp-json\/wp\/v2\/types\/post"}],"author":[{"embeddable":true,"href":"https:\/\/vidis-project.org\/index.php\/wp-json\/wp\/v2\/users\/1"}],"replies":[{"embeddable":true,"href":"https:\/\/vidis-project.org\/index.php\/wp-json\/wp\/v2\/comments?post=1784"}],"version-history":[{"count":7,"href":"https:\/\/vidis-project.org\/index.php\/wp-json\/wp\/v2\/posts\/1784\/revisions"}],"predecessor-version":[{"id":1802,"href":"https:\/\/vidis-project.org\/index.php\/wp-json\/wp\/v2\/posts\/1784\/revisions\/1802"}],"wp:featuredmedia":[{"embeddable":true,"href":"https:\/\/vidis-project.org\/index.php\/wp-json\/wp\/v2\/media\/1785"}],"wp:attachment":[{"href":"https:\/\/vidis-project.org\/index.php\/wp-json\/wp\/v2\/media?parent=1784"}],"wp:term":[{"taxonomy":"category","embeddable":true,"href":"https:\/\/vidis-project.org\/index.php\/wp-json\/wp\/v2\/categories?post=1784"},{"taxonomy":"post_tag","embeddable":true,"href":"https:\/\/vidis-project.org\/index.php\/wp-json\/wp\/v2\/tags?post=1784"}],"curies":[{"name":"wp","href":"https:\/\/api.w.org\/{rel}","templated":true}]}}